{"id":283,"date":"2012-07-10T09:24:41","date_gmt":"2012-07-10T08:24:41","guid":{"rendered":"http:\/\/www.artisanat-services.com\/blog\/?p=283"},"modified":"2012-07-10T09:32:07","modified_gmt":"2012-07-10T08:32:07","slug":"changement-double-vitrage-a-paris-et-idf","status":"publish","type":"post","link":"https:\/\/www.artisanat-services.com\/blog\/changement-double-vitrage-a-paris-et-idf\/","title":{"rendered":"Changement double vitrage \u00e0 Paris et IDF"},"content":{"rendered":"<p>Si vos<strong> fen\u00eatres PVC ou bois ou alu sont \u00e9quip\u00e9es de doubles vitrages <\/strong> classiques suite \u00e0 un bris de glace ;<br \/>\nn&rsquo;h\u00e9siter pas a contacter ma petite entreprise de vitrerie .<br \/>\nje suis un artisan qui intervient sur <strong>Paris<\/strong> pour tout vos probl\u00e8mes de\u00a0<strong><strong>changement de double vitrage<\/strong><\/strong> en urgence ou un simple devis gratuit ; Nous avons un site qui s&rsquo;appelle\u00a0<a rel=\"nofollow\" href=\"http:\/\/www.vitrier-artisan.com\/\">vitrier artisan<\/a>.<\/p>\n<address>\n<h1>Notre T\u00e9l\u00e9phone est le :\u00a0\u00a001.40.26.46.41.<\/h1>\n<p><img src=\"http:\/\/www.vitrier-artisan.com\/images\/double-vitrage.jpg\" alt=\"http:\/\/www.vitrier-artisan.com\/images\/double-vitrage.jpg\" \/><span style=\"text-decoration: underline;\">Les diff\u00e9rentes possibilit\u00e9s de<\/span><strong><span style=\"text-decoration: underline;\"><a rel=\"nofollow\" href=\"http:\/\/www.vitrier-artisan.com\/installation-double-vitrage.html\"> double vitrage sur paris<\/a><\/span><\/strong><\/p>\n<p><strong>Les doubles vitrages classiques<\/strong><\/p>\n<p>On le rencontre le plus souvent en 4\/12\/4 ou 4\/16\/4 , il evite une perte de chaleur<strong> <\/strong> par rapport \u00e0 un vitrage simple standart.<\/p>\n<p><strong>Le double vitrage \u00e0 isolation renforc\u00e9e ( le VIR)<\/strong><\/p>\n<p>Il est appel\u00e9 \u00a0\u00ab\u00a0VIR\u00a0\u00bb \u00a0: l&rsquo;un des verres a \u00e9t\u00e9 rev\u00eatu d&rsquo;<strong>une fine couche speciale<\/strong><strong> qui a pour but d&#8217;emp\u00eacher un transfert de chaleur vers l&rsquo;ext\u00e9rieur.<br \/>\n<\/strong>Il est g\u00e9n\u00e9ralement propos\u00e9 avec une lame d&rsquo;argon (le \u00ab\u00a0vide\u00a0\u00bb en est rempli). Il\u00a0<strong>\u00e9vite une d\u00e9perdition de chaleur \u00a030 \u00e0 50 %<\/strong> en rapport \u00e0 un double vitrage standard. Les plus communs sont les 4\/14\/4 et 4\/16\/4.<\/p>\n<p><strong>Les doubles vitrages phoniques<\/strong><\/p>\n<p>On en trouve dans diff\u00e9rentes \u00e9paisseurs 8\/8\/4, 4\/10\/6, 4\/8\/10, etc.\u00a0<strong>La vitre la plus \u00e9paisse doit se trouver \u00e0 l&rsquo;ext\u00e9rieur<\/strong>, sauf dans le cas d&rsquo;un vitrage avec un fil de s\u00e9curit\u00e9. Il est sensiblement\u00a0<strong>moins efficace en termes d&rsquo;isolation thermique.<\/strong><\/p>\n<p>Le double vitrage retardateur d&rsquo;effraction ou \u00a0feuillet\u00e9<\/p>\n<p>En 44-2\/8\/4 ou 44-2\/12\/4, il se brise difficilement et\u00a0m\u00eame\u00a0quand il se casse , il \u00ab\u00a0retarde\u00a0\u00bb les effractions.\u00a0<strong>Deux vitres de 4 mm sont coll\u00e9es entre elles par un film plastique.<\/strong><\/p>\n<p><strong><br \/>\n<\/strong><\/p>\n<\/address>\n","protected":false},"excerpt":{"rendered":"<p>Si vos fen\u00eatres PVC ou bois ou alu sont \u00e9quip\u00e9es de doubles vitrages classiques suite \u00e0 un bris de glace ; n&rsquo;h\u00e9siter pas a contacter ma petite entreprise de vitrerie . je suis un artisan qui intervient sur Paris pour tout vos probl\u00e8mes de\u00a0changement de double vitrage en urgence ou un simple devis gratuit ; [&hellip;]<\/p>\n","protected":false},"author":1,"featured_media":0,"comment_status":"closed","ping_status":"open","sticky":false,"template":"","format":"standard","meta":[],"categories":[111],"tags":[117,119,116,118],"yoast_head":"<!-- This site is optimized with the Yoast SEO plugin v14.9 - https:\/\/yoast.com\/wordpress\/plugins\/seo\/ -->\n<title>Changement double vitrage \u00e0 Paris et IDF<\/title>\n<meta name=\"robots\" content=\"index, follow, max-snippet:-1, max-image-preview:large, max-video-preview:-1\" \/>\n<link rel=\"canonical\" href=\"https:\/\/www.artisanat-services.com\/blog\/changement-double-vitrage-a-paris-et-idf\/\" \/>\n<meta property=\"og:locale\" content=\"fr_FR\" \/>\n<meta property=\"og:type\" content=\"article\" \/>\n<meta property=\"og:title\" content=\"Changement double vitrage \u00e0 Paris et IDF\" \/>\n<meta property=\"og:description\" content=\"Si vos fen\u00eatres PVC ou bois ou alu sont \u00e9quip\u00e9es de doubles vitrages classiques suite \u00e0 un bris de glace ; n&rsquo;h\u00e9siter pas a contacter ma petite entreprise de vitrerie . je suis un artisan qui intervient sur Paris pour tout vos probl\u00e8mes de\u00a0changement de double vitrage en urgence ou un simple devis gratuit ; [&hellip;]\" \/>\n<meta property=\"og:url\" content=\"https:\/\/www.artisanat-services.com\/blog\/changement-double-vitrage-a-paris-et-idf\/\" \/>\n<meta property=\"og:site_name\" content=\"Artisans professionnels plombier serrurier vitrier \u00e9lectricien r\u00e9novation d&#039;appartement\" \/>\n<meta property=\"article:publisher\" content=\"https:\/\/www.facebook.com\/serrurier\" \/>\n<meta property=\"article:published_time\" content=\"2012-07-10T08:24:41+00:00\" \/>\n<meta property=\"article:modified_time\" content=\"2012-07-10T08:32:07+00:00\" \/>\n<meta property=\"og:image\" content=\"http:\/\/www.vitrier-artisan.com\/images\/double-vitrage.jpg\" \/>\n<script type=\"application\/ld+json\" class=\"yoast-schema-graph\">{\"@context\":\"https:\/\/schema.org\",\"@graph\":[{\"@type\":\"WebSite\",\"@id\":\"https:\/\/www.artisanat-services.com\/blog\/#website\",\"url\":\"https:\/\/www.artisanat-services.com\/blog\/\",\"name\":\"Artisans professionnels plombier serrurier vitrier \\u00e9lectricien r\\u00e9novation d&#039;appartement\",\"description\":\"Des Artisans Specialistes dans chaque Domaine Artisanal\",\"potentialAction\":[{\"@type\":\"SearchAction\",\"target\":\"https:\/\/www.artisanat-services.com\/blog\/?s={search_term_string}\",\"query-input\":\"required name=search_term_string\"}],\"inLanguage\":\"fr-FR\"},{\"@type\":\"ImageObject\",\"@id\":\"https:\/\/www.artisanat-services.com\/blog\/changement-double-vitrage-a-paris-et-idf\/#primaryimage\",\"inLanguage\":\"fr-FR\",\"url\":\"http:\/\/www.vitrier-artisan.com\/images\/double-vitrage.jpg\"},{\"@type\":\"WebPage\",\"@id\":\"https:\/\/www.artisanat-services.com\/blog\/changement-double-vitrage-a-paris-et-idf\/#webpage\",\"url\":\"https:\/\/www.artisanat-services.com\/blog\/changement-double-vitrage-a-paris-et-idf\/\",\"name\":\"Changement double vitrage \\u00e0 Paris et IDF\",\"isPartOf\":{\"@id\":\"https:\/\/www.artisanat-services.com\/blog\/#website\"},\"primaryImageOfPage\":{\"@id\":\"https:\/\/www.artisanat-services.com\/blog\/changement-double-vitrage-a-paris-et-idf\/#primaryimage\"},\"datePublished\":\"2012-07-10T08:24:41+00:00\",\"dateModified\":\"2012-07-10T08:32:07+00:00\",\"author\":{\"@id\":\"https:\/\/www.artisanat-services.com\/blog\/#\/schema\/person\/9b684e7c7994854ddb4aea0f090f5a18\"},\"inLanguage\":\"fr-FR\",\"potentialAction\":[{\"@type\":\"ReadAction\",\"target\":[\"https:\/\/www.artisanat-services.com\/blog\/changement-double-vitrage-a-paris-et-idf\/\"]}]},{\"@type\":\"Person\",\"@id\":\"https:\/\/www.artisanat-services.com\/blog\/#\/schema\/person\/9b684e7c7994854ddb4aea0f090f5a18\",\"name\":\"admin\",\"image\":{\"@type\":\"ImageObject\",\"@id\":\"https:\/\/www.artisanat-services.com\/blog\/#personlogo\",\"inLanguage\":\"fr-FR\",\"url\":\"https:\/\/secure.gravatar.com\/avatar\/d21d262600d2d9bd639e005bcb91a3cb?s=96&d=mm&r=g\",\"caption\":\"admin\"},\"sameAs\":[\"https:\/\/twitter.com\/Acacia_service\"]}]}<\/script>\n<!-- \/ Yoast SEO plugin. -->","_links":{"self":[{"href":"https:\/\/www.artisanat-services.com\/blog\/wp-json\/wp\/v2\/posts\/283"}],"collection":[{"href":"https:\/\/www.artisanat-services.com\/blog\/wp-json\/wp\/v2\/posts"}],"about":[{"href":"https:\/\/www.artisanat-services.com\/blog\/wp-json\/wp\/v2\/types\/post"}],"author":[{"embeddable":true,"href":"https:\/\/www.artisanat-services.com\/blog\/wp-json\/wp\/v2\/users\/1"}],"replies":[{"embeddable":true,"href":"https:\/\/www.artisanat-services.com\/blog\/wp-json\/wp\/v2\/comments?post=283"}],"version-history":[{"count":0,"href":"https:\/\/www.artisanat-services.com\/blog\/wp-json\/wp\/v2\/posts\/283\/revisions"}],"wp:attachment":[{"href":"https:\/\/www.artisanat-services.com\/blog\/wp-json\/wp\/v2\/media?parent=283"}],"wp:term":[{"taxonomy":"category","embeddable":true,"href":"https:\/\/www.artisanat-services.com\/blog\/wp-json\/wp\/v2\/categories?post=283"},{"taxonomy":"post_tag","embeddable":true,"href":"https:\/\/www.artisanat-services.com\/blog\/wp-json\/wp\/v2\/tags?post=283"}],"curies":[{"name":"wp","href":"https:\/\/api.w.org\/{rel}","templated":true}]}}