{"id":278,"date":"2012-07-10T09:10:22","date_gmt":"2012-07-10T08:10:22","guid":{"rendered":"http:\/\/www.artisanat-services.com\/blog\/?p=278"},"modified":"2013-01-17T13:06:39","modified_gmt":"2013-01-17T12:06:39","slug":"tarif-vitrerie","status":"publish","type":"post","link":"https:\/\/www.artisanat-services.com\/blog\/tarif-vitrerie\/","title":{"rendered":"tarif vitrier Paris et IDF"},"content":{"rendered":"<table width=\"1012\" border=\"0\">\n<tbody>\n<tr>\n<td valign=\"top\" width=\"443\">\n<h2><strong>Tarif vitrier prix changement de vitrerie sur paris et\u00a0\u00eeles\u00a0de\u00a0France:<\/strong><\/h2>\n<p>Les Conseils du Vitrier Parisien Professionnel, Notre Assistance Vitrerie est \u00a0\u00e0 votre Service pour tout Rendez-Vous pour<br \/>\nintervention bris de glace.Si vous souhaitez obtenir des informations \u00e0 propos de votre probl\u00e9me de<br \/>\nvitrerie, n&rsquo;h\u00e9sitez pas \u00e0 contacter nos vitriers professionnels<br \/>\nqui se chargera de r\u00e9pondre \u00e0 vos demandes de conseils, <i>tarif vitrier<\/i> et de prix de la vitrerie.<br \/>\nIl vous sugg\u00e9rera les meilleures possibilit\u00e9s, suite \u00e0 votre demande ; pour demande de tarif<br \/>\nde bris de glace , remplissez simplement la demande de devis \u00a0en cliquant dans<br \/>\nle lien ci joint:\u00a0<a href=\"http:\/\/www.vitrier-artisan.com\/devis.html\">demande de devis vitrerie gratuit<\/a>.<\/p>\n<p>&nbsp;<\/p>\n<p>Nous avons r\u00e9pertori\u00e9 les questions les plus fr\u00e9quemment<br \/>\npos\u00e9es par nos clients concernant les tarifs de verre \u00a0et nous vous proposons<br \/>\nla r\u00e9ponse de\u00a0nos experts vitriers.<br \/>\nAvant de signer un devis de changement de vitrage ou double vitrage ,<br \/>\ncomparez nos tarifs, vous serez surpris.<\/p>\n<p style=\"text-decoration: underline;\">Tel \u00a0maintenance ou Rendez-Vous :\u00a001.40.26.46.41.<\/p>\n<h3>Tous les\u00a0mod\u00e8le\u00a0de verre et tarif vitrier: sur simple demande<\/h3>\n<ul>\n<li>verre Imprim\u00e9 77<\/li>\n<li>Listral D\u00e9o<\/li>\n<li>verre Eurolistral<\/li>\n<li>verre Goutte d&rsquo;Eau<\/li>\n<li>Oc\u00e9anique<\/li>\n<li>Imprim\u00e9 200<\/li>\n<li>verre Cathedrale<\/li>\n<li>Verre Arm\u00e9 petites mailles et grandes mailles<\/li>\n<li>Verre Arm\u00e9 Imprim\u00e9 77<\/li>\n<\/ul>\n<p style=\"text-decoration: underline;\"><img loading=\"lazy\" title=\"tarif vitrier\" alt=\"http:\/\/www.vitrier-artisan.com\/images\/installation-vitre.jpg\" src=\"http:\/\/www.vitrier-artisan.com\/images\/installation-vitre.jpg\" width=\"400\" height=\"347\" \/><\/p>\n<\/td>\n<\/tr>\n<\/tbody>\n<\/table>\n","protected":false},"excerpt":{"rendered":"<p>prix vitrerie sur paris<\/p>\n","protected":false},"author":1,"featured_media":0,"comment_status":"open","ping_status":"open","sticky":false,"template":"","format":"standard","meta":[],"categories":[111],"tags":[115,113,114,112],"yoast_head":"<!-- This site is optimized with the Yoast SEO plugin v14.9 - https:\/\/yoast.com\/wordpress\/plugins\/seo\/ -->\n<title>tarif vitrier Paris et IDF<\/title>\n<meta name=\"robots\" content=\"index, follow, max-snippet:-1, max-image-preview:large, max-video-preview:-1\" \/>\n<link rel=\"canonical\" href=\"https:\/\/www.artisanat-services.com\/blog\/tarif-vitrerie\/\" \/>\n<meta property=\"og:locale\" content=\"fr_FR\" \/>\n<meta property=\"og:type\" content=\"article\" \/>\n<meta property=\"og:title\" content=\"tarif vitrier Paris et IDF\" \/>\n<meta property=\"og:description\" content=\"prix vitrerie sur paris\" \/>\n<meta property=\"og:url\" content=\"https:\/\/www.artisanat-services.com\/blog\/tarif-vitrerie\/\" \/>\n<meta property=\"og:site_name\" content=\"Artisans professionnels plombier serrurier vitrier \u00e9lectricien r\u00e9novation d&#039;appartement\" \/>\n<meta property=\"article:publisher\" content=\"https:\/\/www.facebook.com\/serrurier\" \/>\n<meta property=\"article:published_time\" content=\"2012-07-10T08:10:22+00:00\" \/>\n<meta property=\"article:modified_time\" content=\"2013-01-17T12:06:39+00:00\" \/>\n<meta property=\"og:image\" content=\"http:\/\/www.vitrier-artisan.com\/images\/installation-vitre.jpg\" \/>\n<script type=\"application\/ld+json\" class=\"yoast-schema-graph\">{\"@context\":\"https:\/\/schema.org\",\"@graph\":[{\"@type\":\"WebSite\",\"@id\":\"https:\/\/www.artisanat-services.com\/blog\/#website\",\"url\":\"https:\/\/www.artisanat-services.com\/blog\/\",\"name\":\"Artisans professionnels plombier serrurier vitrier \\u00e9lectricien r\\u00e9novation d&#039;appartement\",\"description\":\"Des Artisans Specialistes dans chaque Domaine Artisanal\",\"potentialAction\":[{\"@type\":\"SearchAction\",\"target\":\"https:\/\/www.artisanat-services.com\/blog\/?s={search_term_string}\",\"query-input\":\"required name=search_term_string\"}],\"inLanguage\":\"fr-FR\"},{\"@type\":\"ImageObject\",\"@id\":\"https:\/\/www.artisanat-services.com\/blog\/tarif-vitrerie\/#primaryimage\",\"inLanguage\":\"fr-FR\",\"url\":\"http:\/\/www.vitrier-artisan.com\/images\/installation-vitre.jpg\"},{\"@type\":\"WebPage\",\"@id\":\"https:\/\/www.artisanat-services.com\/blog\/tarif-vitrerie\/#webpage\",\"url\":\"https:\/\/www.artisanat-services.com\/blog\/tarif-vitrerie\/\",\"name\":\"tarif vitrier Paris et IDF\",\"isPartOf\":{\"@id\":\"https:\/\/www.artisanat-services.com\/blog\/#website\"},\"primaryImageOfPage\":{\"@id\":\"https:\/\/www.artisanat-services.com\/blog\/tarif-vitrerie\/#primaryimage\"},\"datePublished\":\"2012-07-10T08:10:22+00:00\",\"dateModified\":\"2013-01-17T12:06:39+00:00\",\"author\":{\"@id\":\"https:\/\/www.artisanat-services.com\/blog\/#\/schema\/person\/9b684e7c7994854ddb4aea0f090f5a18\"},\"inLanguage\":\"fr-FR\",\"potentialAction\":[{\"@type\":\"ReadAction\",\"target\":[\"https:\/\/www.artisanat-services.com\/blog\/tarif-vitrerie\/\"]}]},{\"@type\":\"Person\",\"@id\":\"https:\/\/www.artisanat-services.com\/blog\/#\/schema\/person\/9b684e7c7994854ddb4aea0f090f5a18\",\"name\":\"admin\",\"image\":{\"@type\":\"ImageObject\",\"@id\":\"https:\/\/www.artisanat-services.com\/blog\/#personlogo\",\"inLanguage\":\"fr-FR\",\"url\":\"https:\/\/secure.gravatar.com\/avatar\/d21d262600d2d9bd639e005bcb91a3cb?s=96&d=mm&r=g\",\"caption\":\"admin\"},\"sameAs\":[\"https:\/\/twitter.com\/Acacia_service\"]}]}<\/script>\n<!-- \/ Yoast SEO plugin. -->","_links":{"self":[{"href":"https:\/\/www.artisanat-services.com\/blog\/wp-json\/wp\/v2\/posts\/278"}],"collection":[{"href":"https:\/\/www.artisanat-services.com\/blog\/wp-json\/wp\/v2\/posts"}],"about":[{"href":"https:\/\/www.artisanat-services.com\/blog\/wp-json\/wp\/v2\/types\/post"}],"author":[{"embeddable":true,"href":"https:\/\/www.artisanat-services.com\/blog\/wp-json\/wp\/v2\/users\/1"}],"replies":[{"embeddable":true,"href":"https:\/\/www.artisanat-services.com\/blog\/wp-json\/wp\/v2\/comments?post=278"}],"version-history":[{"count":0,"href":"https:\/\/www.artisanat-services.com\/blog\/wp-json\/wp\/v2\/posts\/278\/revisions"}],"wp:attachment":[{"href":"https:\/\/www.artisanat-services.com\/blog\/wp-json\/wp\/v2\/media?parent=278"}],"wp:term":[{"taxonomy":"category","embeddable":true,"href":"https:\/\/www.artisanat-services.com\/blog\/wp-json\/wp\/v2\/categories?post=278"},{"taxonomy":"post_tag","embeddable":true,"href":"https:\/\/www.artisanat-services.com\/blog\/wp-json\/wp\/v2\/tags?post=278"}],"curies":[{"name":"wp","href":"https:\/\/api.w.org\/{rel}","templated":true}]}}